{"id":1409,"global_id":"gardetanzgruppe.de?id=1409","global_id_lineage":["gardetanzgruppe.de?id=1409"],"author":"1","status":"publish","date":"2024-03-24 13:41:30","date_utc":"2024-03-24 12:41:30","modified":"2025-03-17 11:53:46","modified_utc":"2025-03-17 10:53:46","url":"https:\/\/gardetanzgruppe.de\/?tribe_events=fastnacht-generalprobe-fuer-die-sitzungen-2-2","rest_url":"https:\/\/gardetanzgruppe.de\/index.php?rest_route=\/tribe\/events\/v1\/events\/1409","title":"&#8222;UntHERRuns&#8220; M\u00e4nner unter sich&#8230;..","description":"<p><img loading=\"lazy\" decoding=\"async\" class=\"aligncenter wp-image-1279 size-medium\" src=\"https:\/\/gardetanzgruppe.de\/wp-content\/uploads\/2024\/12\/save-the-date-7857592_1280-300x261.png\" alt=\"\" width=\"300\" height=\"261\" srcset=\"https:\/\/gardetanzgruppe.de\/wp-content\/uploads\/2024\/12\/save-the-date-7857592_1280-300x261.png 300w, https:\/\/gardetanzgruppe.de\/wp-content\/uploads\/2024\/12\/save-the-date-7857592_1280-1030x896.png 1030w, https:\/\/gardetanzgruppe.de\/wp-content\/uploads\/2024\/12\/save-the-date-7857592_1280-768x668.png 768w, https:\/\/gardetanzgruppe.de\/wp-content\/uploads\/2024\/12\/save-the-date-7857592_1280-705x614.png 705w, https:\/\/gardetanzgruppe.de\/wp-content\/uploads\/2024\/12\/save-the-date-7857592_1280.png 1280w\" sizes=\"auto, (max-width: 300px) 100vw, 300px\" \/><\/p>\n<p style=\"text-align: center;\"><strong>Die traditionelle Fastnachtser\u00f6ffnung, M\u00e4nner unter sich&#8230;&#8230;<br \/>\n<\/strong><strong>Weck, Worscht, Wein und Bier&#8230;&#8230;.unn dumme Spr\u00fcch !<\/strong><\/p>\n<p style=\"text-align: center;\">Einlass: 18:11 Uhr<br \/>\n<strong>Beginn: 19:11 Uhr<\/strong><\/p>\n<p style=\"text-align: center;\"><span style=\"background-color: #ffff99;\"><strong>Kartenbestellung unter<\/strong><\/span><\/p>\n<p style=\"text-align: center;\"><span style=\"background-color: #ffff99;\"><strong>(0160) 780 15 17<\/strong><\/span><\/p>","excerpt":"","slug":"fastnacht-generalprobe-fuer-die-sitzungen-2-2","image":{"url":"https:\/\/gardetanzgruppe.de\/wp-content\/uploads\/2024\/03\/TG-Logo-Fastnacht.png","id":894,"extension":"png","width":697,"height":393,"filesize":122313,"sizes":{"medium":{"width":300,"height":169,"mime-type":"image\/png","filesize":40245,"url":"https:\/\/gardetanzgruppe.de\/wp-content\/uploads\/2024\/03\/TG-Logo-Fastnacht-300x169.png"},"thumbnail":{"width":80,"height":80,"mime-type":"image\/png","filesize":8476,"url":"https:\/\/gardetanzgruppe.de\/wp-content\/uploads\/2024\/03\/TG-Logo-Fastnacht-80x80.png"},"widget":{"width":36,"height":36,"mime-type":"image\/png","filesize":2279,"url":"https:\/\/gardetanzgruppe.de\/wp-content\/uploads\/2024\/03\/TG-Logo-Fastnacht-36x36.png"},"square":{"width":180,"height":180,"mime-type":"image\/png","filesize":35920,"url":"https:\/\/gardetanzgruppe.de\/wp-content\/uploads\/2024\/03\/TG-Logo-Fastnacht-180x180.png"},"portfolio":{"width":495,"height":393,"mime-type":"image\/png","filesize":104752,"url":"https:\/\/gardetanzgruppe.de\/wp-content\/uploads\/2024\/03\/TG-Logo-Fastnacht-495x393.png"},"portfolio_small":{"width":260,"height":185,"mime-type":"image\/png","filesize":42290,"url":"https:\/\/gardetanzgruppe.de\/wp-content\/uploads\/2024\/03\/TG-Logo-Fastnacht-260x185.png"},"magazine":{"width":697,"height":375,"mime-type":"image\/png","filesize":106305,"url":"https:\/\/gardetanzgruppe.de\/wp-content\/uploads\/2024\/03\/TG-Logo-Fastnacht-697x375.png"},"entry_with_sidebar":{"width":697,"height":321,"mime-type":"image\/png","filesize":103959,"url":"https:\/\/gardetanzgruppe.de\/wp-content\/uploads\/2024\/03\/TG-Logo-Fastnacht-697x321.png"}}},"all_day":false,"start_date":"2025-11-11 19:11:00","start_date_details":{"year":"2025","month":"11","day":"11","hour":"19","minutes":"11","seconds":"00"},"end_date":"2025-11-11 19:11:00","end_date_details":{"year":"2025","month":"11","day":"11","hour":"19","minutes":"11","seconds":"00"},"utc_start_date":"2025-11-11 18:11:00","utc_start_date_details":{"year":"2025","month":"11","day":"11","hour":"18","minutes":"11","seconds":"00"},"utc_end_date":"2025-11-11 18:11:00","utc_end_date_details":{"year":"2025","month":"11","day":"11","hour":"18","minutes":"11","seconds":"00"},"timezone":"Europe\/Berlin","timezone_abbr":"CET","cost":"15,00\u20ac","cost_details":{"currency_symbol":"\u20ac","currency_code":"USD","currency_position":"suffix","values":["15.00"]},"website":"","show_map":false,"show_map_link":true,"hide_from_listings":false,"sticky":false,"featured":false,"categories":[],"tags":[],"venue":{"id":849,"author":"1","status":"publish","date":"2024-03-24 12:34:10","date_utc":"2024-03-24 11:34:10","modified":"2024-03-24 12:34:10","modified_utc":"2024-03-24 11:34:10","url":"https:\/\/gardetanzgruppe.de\/?tribe_venue=georg-lang-halle-dr-schmidt-zimmer","venue":"Georg-Lang-Halle (Dr. Schmidt Zimmer)","slug":"georg-lang-halle-dr-schmidt-zimmer","address":"M\u00f6wenstra\u00dfe 25","city":"Wiesbaden","country":"Deutschland","zip":"65201","json_ld":{"@type":"Place","name":"Georg-Lang-Halle (Dr. Schmidt Zimmer)","description":"","url":"","address":{"@type":"PostalAddress","streetAddress":"M\u00f6wenstra\u00dfe 25","addressLocality":"Wiesbaden","postalCode":"65201","addressCountry":"Deutschland"},"telephone":"","sameAs":""},"show_map":true,"show_map_link":true,"global_id":"gardetanzgruppe.de?id=849","global_id_lineage":["gardetanzgruppe.de?id=849"]},"organizer":[{"id":811,"author":"1","status":"publish","date":"2024-03-23 16:16:49","date_utc":"2024-03-23 15:16:49","modified":"2024-03-24 16:30:05","modified_utc":"2024-03-24 15:30:05","url":"https:\/\/gardetanzgruppe.de\/?tribe_organizer=tg-jugendausschuss","organizer":"TG Schierstein","slug":"tg-jugendausschuss","json_ld":{"@type":"Person","name":"TG Schierstein","description":"","url":"","telephone":"","email":"","sameAs":""},"global_id":"gardetanzgruppe.de?id=811","global_id_lineage":["gardetanzgruppe.de?id=811"]}],"custom_fields":[],"json_ld":{"@context":"http:\/\/schema.org","@type":"Event","name":"&#8222;UntHERRuns&#8220; M\u00e4nner unter sich&#8230;..","description":"&lt;p&gt;Die traditionelle Fastnachtser\u00f6ffnung, M\u00e4nner unter sich...... Weck, Worscht, Wein und Bier.......unn dumme Spr\u00fcch ! Einlass: 18:11 Uhr Beginn: 19:11 Uhr Kartenbestellung unter (0160) 780 15 17&lt;\/p&gt;\\n","image":"https:\/\/gardetanzgruppe.de\/wp-content\/uploads\/2024\/03\/TG-Logo-Fastnacht.png","url":"https:\/\/gardetanzgruppe.de\/?tribe_events=fastnacht-generalprobe-fuer-die-sitzungen-2-2","eventAttendanceMode":"https:\/\/schema.org\/OfflineEventAttendanceMode","eventStatus":"https:\/\/schema.org\/EventScheduled","startDate":"2025-11-11T19:11:00+01:00","endDate":"2025-11-11T19:11:00+01:00","location":{"@type":"Place","name":"Georg-Lang-Halle (Dr. Schmidt Zimmer)","description":"","url":"","address":{"@type":"PostalAddress","streetAddress":"M\u00f6wenstra\u00dfe 25","addressLocality":"Wiesbaden","postalCode":"65201","addressCountry":"Deutschland"},"telephone":"","sameAs":""},"organizer":{"@type":"Person","name":"TG Schierstein","description":"","url":"","telephone":"","email":"","sameAs":""},"offers":{"@type":"Offer","price":"15,00","priceCurrency":"USD","url":"https:\/\/gardetanzgruppe.de\/?tribe_events=fastnacht-generalprobe-fuer-die-sitzungen-2-2","category":"primary","availability":"inStock","validFrom":"2024-03-24T00:00:00+00:00"},"performer":"Organization"}}