{"id":1532,"global_id":"gardetanzgruppe.de?id=1532","global_id_lineage":["gardetanzgruppe.de?id=1532"],"author":"1","status":"publish","date":"2025-04-02 16:42:46","date_utc":"2025-04-02 14:42:46","modified":"2025-04-02 16:58:23","modified_utc":"2025-04-02 14:58:23","url":"https:\/\/gardetanzgruppe.de\/?tribe_events=beginn-neues-training-funtastix-kids","rest_url":"https:\/\/gardetanzgruppe.de\/index.php?rest_route=\/tribe\/events\/v1\/events\/1532","title":"Beginn neues Training (Funtastix Kids)","description":"<p><strong>Alter: ab 8 Jahre bis ca. 12 Jahre<\/strong><\/p>\n<p><span style=\"color: #ff0000;\"><strong>F\u00fcr neue T\u00e4nzerinnen und T\u00e4nzer bitte nur mit Voranmeldung unter (0172) 911 88 18.<\/strong><\/span><\/p>","excerpt":"","slug":"beginn-neues-training-funtastix-kids","image":{"url":"https:\/\/gardetanzgruppe.de\/wp-content\/uploads\/2024\/03\/Banner-Icon-Gardetanz-1.jpg","id":1100,"extension":"jpg","width":851,"height":315,"filesize":10476,"sizes":{"medium":{"width":300,"height":111,"mime-type":"image\/jpeg","filesize":16016,"url":"https:\/\/gardetanzgruppe.de\/wp-content\/uploads\/2024\/03\/Banner-Icon-Gardetanz-1-300x111.jpg"},"thumbnail":{"width":80,"height":80,"mime-type":"image\/jpeg","filesize":6481,"url":"https:\/\/gardetanzgruppe.de\/wp-content\/uploads\/2024\/03\/Banner-Icon-Gardetanz-1-80x80.jpg"},"medium_large":{"width":768,"height":284,"mime-type":"image\/jpeg","filesize":80660,"url":"https:\/\/gardetanzgruppe.de\/wp-content\/uploads\/2024\/03\/Banner-Icon-Gardetanz-1-768x284.jpg"},"widget":{"width":36,"height":36,"mime-type":"image\/jpeg","filesize":2612,"url":"https:\/\/gardetanzgruppe.de\/wp-content\/uploads\/2024\/03\/Banner-Icon-Gardetanz-1-36x36.jpg"},"square":{"width":180,"height":180,"mime-type":"image\/jpeg","filesize":18371,"url":"https:\/\/gardetanzgruppe.de\/wp-content\/uploads\/2024\/03\/Banner-Icon-Gardetanz-1-180x180.jpg"},"portfolio":{"width":495,"height":315,"mime-type":"image\/jpeg","filesize":44032,"url":"https:\/\/gardetanzgruppe.de\/wp-content\/uploads\/2024\/03\/Banner-Icon-Gardetanz-1-495x315.jpg"},"portfolio_small":{"width":260,"height":185,"mime-type":"image\/jpeg","filesize":28209,"url":"https:\/\/gardetanzgruppe.de\/wp-content\/uploads\/2024\/03\/Banner-Icon-Gardetanz-1-260x185.jpg"},"gallery":{"width":845,"height":315,"mime-type":"image\/jpeg","filesize":47310,"url":"https:\/\/gardetanzgruppe.de\/wp-content\/uploads\/2024\/03\/Banner-Icon-Gardetanz-1-845x315.jpg"},"magazine":{"width":710,"height":315,"mime-type":"image\/jpeg","filesize":45218,"url":"https:\/\/gardetanzgruppe.de\/wp-content\/uploads\/2024\/03\/Banner-Icon-Gardetanz-1-710x315.jpg"},"masonry":{"width":705,"height":261,"mime-type":"image\/jpeg","filesize":69715,"url":"https:\/\/gardetanzgruppe.de\/wp-content\/uploads\/2024\/03\/Banner-Icon-Gardetanz-1-705x261.jpg"},"entry_with_sidebar":{"width":845,"height":315,"mime-type":"image\/jpeg","filesize":47310,"url":"https:\/\/gardetanzgruppe.de\/wp-content\/uploads\/2024\/03\/Banner-Icon-Gardetanz-1-845x315.jpg"}}},"all_day":false,"start_date":"2025-04-24 15:45:00","start_date_details":{"year":"2025","month":"04","day":"24","hour":"15","minutes":"45","seconds":"00"},"end_date":"2025-04-24 17:15:00","end_date_details":{"year":"2025","month":"04","day":"24","hour":"17","minutes":"15","seconds":"00"},"utc_start_date":"2025-04-24 13:45:00","utc_start_date_details":{"year":"2025","month":"04","day":"24","hour":"13","minutes":"45","seconds":"00"},"utc_end_date":"2025-04-24 15:15:00","utc_end_date_details":{"year":"2025","month":"04","day":"24","hour":"15","minutes":"15","seconds":"00"},"timezone":"Europe\/Berlin","timezone_abbr":"CEST","cost":"","cost_details":{"currency_symbol":"\u20ac","currency_code":"USD","currency_position":"suffix","values":[]},"website":"","show_map":true,"show_map_link":true,"hide_from_listings":false,"sticky":false,"featured":false,"categories":[],"tags":[],"venue":{"id":855,"author":"1","status":"publish","date":"2024-03-24 12:36:26","date_utc":"2024-03-24 11:36:26","modified":"2024-03-24 12:36:26","modified_utc":"2024-03-24 11:36:26","url":"https:\/\/gardetanzgruppe.de\/?tribe_venue=georg-lang-halle","venue":"Georg-Lang-Halle","slug":"georg-lang-halle","address":"M\u00f6wenstra\u00dfe 25","city":"Wiesbaden","country":"Deutschland","zip":"65201","json_ld":{"@type":"Place","name":"Georg-Lang-Halle","description":"","url":"","address":{"@type":"PostalAddress","streetAddress":"M\u00f6wenstra\u00dfe 25","addressLocality":"Wiesbaden","postalCode":"65201","addressCountry":"Deutschland"},"telephone":"","sameAs":""},"show_map":true,"show_map_link":true,"global_id":"gardetanzgruppe.de?id=855","global_id_lineage":["gardetanzgruppe.de?id=855"]},"organizer":[{"id":858,"author":"1","status":"publish","date":"2024-03-24 13:05:24","date_utc":"2024-03-24 12:05:24","modified":"2024-03-24 13:05:24","modified_utc":"2024-03-24 12:05:24","url":"https:\/\/gardetanzgruppe.de\/?tribe_organizer=tg-gardetanz","organizer":"TG-Gardetanz","slug":"tg-gardetanz","email":"info@gardetanzgruppe.de","json_ld":{"@type":"Person","name":"TG-Gardetanz","description":"","url":"","telephone":"","email":"&#105;n&#102;o&#64;g&#97;&#114;&#100;&#101;tan&#122;g&#114;u&#112;p&#101;.de","sameAs":""},"global_id":"gardetanzgruppe.de?id=858","global_id_lineage":["gardetanzgruppe.de?id=858"]}],"custom_fields":[],"json_ld":{"@context":"http:\/\/schema.org","@type":"Event","name":"Beginn neues Training (Funtastix Kids)","description":"&lt;p&gt;Alter: ab 8 Jahre bis ca. 12 Jahre F\u00fcr neue T\u00e4nzerinnen und T\u00e4nzer bitte nur mit Voranmeldung unter (0172) 911 88 18.&lt;\/p&gt;\\n","image":"https:\/\/gardetanzgruppe.de\/wp-content\/uploads\/2024\/03\/Banner-Icon-Gardetanz-1.jpg","url":"https:\/\/gardetanzgruppe.de\/?tribe_events=beginn-neues-training-funtastix-kids","eventAttendanceMode":"https:\/\/schema.org\/OfflineEventAttendanceMode","eventStatus":"https:\/\/schema.org\/EventScheduled","startDate":"2025-04-24T15:45:00+02:00","endDate":"2025-04-24T17:15:00+02:00","location":{"@type":"Place","name":"Georg-Lang-Halle","description":"","url":"","address":{"@type":"PostalAddress","streetAddress":"M\u00f6wenstra\u00dfe 25","addressLocality":"Wiesbaden","postalCode":"65201","addressCountry":"Deutschland"},"telephone":"","sameAs":""},"organizer":{"@type":"Person","name":"TG-Gardetanz","description":"","url":"","telephone":"","email":"info&#64;&#103;a&#114;de&#116;&#97;&#110;z&#103;r&#117;p&#112;&#101;.de","sameAs":""},"performer":"Organization"}}