{"id":1537,"global_id":"gardetanzgruppe.de?id=1537","global_id_lineage":["gardetanzgruppe.de?id=1537"],"author":"1","status":"publish","date":"2025-04-02 16:42:46","date_utc":"2025-04-02 14:42:46","modified":"2025-04-02 16:51:03","modified_utc":"2025-04-02 14:51:03","url":"https:\/\/gardetanzgruppe.de\/?tribe_events=beginn-neues-training-funtastix-kids-2","rest_url":"https:\/\/gardetanzgruppe.de\/index.php?rest_route=\/tribe\/events\/v1\/events\/1537","title":"Beginn neues Training (Funtastix)","description":"<p><strong>Alter: ab ca. 13 Jahre<\/strong><\/p>\n<p><span style=\"color: #ff0000;\"><strong>F\u00fcr neue T\u00e4nzerinnen und T\u00e4nzer bitte nur mit Voranmeldung unter (0172) 911 88 18.<\/strong><\/span><\/p>","excerpt":"","slug":"beginn-neues-training-funtastix-kids-2","image":{"url":"https:\/\/gardetanzgruppe.de\/wp-content\/uploads\/2024\/03\/Banner-Icon-Gardetanz-1.jpg","id":1100,"extension":"jpg","width":851,"height":315,"filesize":10476,"sizes":{"medium":{"width":300,"height":111,"mime-type":"image\/jpeg","filesize":16016,"url":"https:\/\/gardetanzgruppe.de\/wp-content\/uploads\/2024\/03\/Banner-Icon-Gardetanz-1-300x111.jpg"},"thumbnail":{"width":80,"height":80,"mime-type":"image\/jpeg","filesize":6481,"url":"https:\/\/gardetanzgruppe.de\/wp-content\/uploads\/2024\/03\/Banner-Icon-Gardetanz-1-80x80.jpg"},"medium_large":{"width":768,"height":284,"mime-type":"image\/jpeg","filesize":80660,"url":"https:\/\/gardetanzgruppe.de\/wp-content\/uploads\/2024\/03\/Banner-Icon-Gardetanz-1-768x284.jpg"},"widget":{"width":36,"height":36,"mime-type":"image\/jpeg","filesize":2612,"url":"https:\/\/gardetanzgruppe.de\/wp-content\/uploads\/2024\/03\/Banner-Icon-Gardetanz-1-36x36.jpg"},"square":{"width":180,"height":180,"mime-type":"image\/jpeg","filesize":18371,"url":"https:\/\/gardetanzgruppe.de\/wp-content\/uploads\/2024\/03\/Banner-Icon-Gardetanz-1-180x180.jpg"},"portfolio":{"width":495,"height":315,"mime-type":"image\/jpeg","filesize":44032,"url":"https:\/\/gardetanzgruppe.de\/wp-content\/uploads\/2024\/03\/Banner-Icon-Gardetanz-1-495x315.jpg"},"portfolio_small":{"width":260,"height":185,"mime-type":"image\/jpeg","filesize":28209,"url":"https:\/\/gardetanzgruppe.de\/wp-content\/uploads\/2024\/03\/Banner-Icon-Gardetanz-1-260x185.jpg"},"gallery":{"width":845,"height":315,"mime-type":"image\/jpeg","filesize":47310,"url":"https:\/\/gardetanzgruppe.de\/wp-content\/uploads\/2024\/03\/Banner-Icon-Gardetanz-1-845x315.jpg"},"magazine":{"width":710,"height":315,"mime-type":"image\/jpeg","filesize":45218,"url":"https:\/\/gardetanzgruppe.de\/wp-content\/uploads\/2024\/03\/Banner-Icon-Gardetanz-1-710x315.jpg"},"masonry":{"width":705,"height":261,"mime-type":"image\/jpeg","filesize":69715,"url":"https:\/\/gardetanzgruppe.de\/wp-content\/uploads\/2024\/03\/Banner-Icon-Gardetanz-1-705x261.jpg"},"entry_with_sidebar":{"width":845,"height":315,"mime-type":"image\/jpeg","filesize":47310,"url":"https:\/\/gardetanzgruppe.de\/wp-content\/uploads\/2024\/03\/Banner-Icon-Gardetanz-1-845x315.jpg"}}},"all_day":false,"start_date":"2025-04-24 18:00:00","start_date_details":{"year":"2025","month":"04","day":"24","hour":"18","minutes":"00","seconds":"00"},"end_date":"2025-04-24 20:00:00","end_date_details":{"year":"2025","month":"04","day":"24","hour":"20","minutes":"00","seconds":"00"},"utc_start_date":"2025-04-24 16:00:00","utc_start_date_details":{"year":"2025","month":"04","day":"24","hour":"16","minutes":"00","seconds":"00"},"utc_end_date":"2025-04-24 18:00:00","utc_end_date_details":{"year":"2025","month":"04","day":"24","hour":"18","minutes":"00","seconds":"00"},"timezone":"Europe\/Berlin","timezone_abbr":"CEST","cost":"","cost_details":{"currency_symbol":"\u20ac","currency_code":"USD","currency_position":"suffix","values":[]},"website":"","show_map":true,"show_map_link":true,"hide_from_listings":false,"sticky":false,"featured":false,"categories":[],"tags":[],"venue":{"id":1544,"author":"1","status":"publish","date":"2025-04-02 16:51:03","date_utc":"2025-04-02 14:51:03","modified":"2025-04-02 16:52:30","modified_utc":"2025-04-02 14:52:30","url":"https:\/\/gardetanzgruppe.de\/?tribe_venue=mehrzweckhalle-amoeneburg","venue":"Mehrzweckhalle Am\u00f6neburg","description":"<p>-\u00fcber den Sportlereingang in der Dyckerhoffstra\u00dfe-<\/p>","slug":"mehrzweckhalle-amoeneburg","address":"Dyckerhoffstra\u00dfe 22","city":"Wiesbaden","zip":"65203","json_ld":{"@type":"Place","name":"Mehrzweckhalle Am\u00f6neburg","description":"&lt;p&gt;-\u00fcber den Sportlereingang in der Dyckerhoffstra\u00dfe-&lt;\/p&gt;\\n","url":"","address":{"@type":"PostalAddress","streetAddress":"Dyckerhoffstra\u00dfe 22","addressLocality":"Wiesbaden","postalCode":"65203"},"telephone":"","sameAs":""},"show_map":true,"show_map_link":true,"global_id":"gardetanzgruppe.de?id=1544","global_id_lineage":["gardetanzgruppe.de?id=1544"]},"organizer":[{"id":858,"author":"1","status":"publish","date":"2024-03-24 13:05:24","date_utc":"2024-03-24 12:05:24","modified":"2024-03-24 13:05:24","modified_utc":"2024-03-24 12:05:24","url":"https:\/\/gardetanzgruppe.de\/?tribe_organizer=tg-gardetanz","organizer":"TG-Gardetanz","slug":"tg-gardetanz","email":"info@gardetanzgruppe.de","json_ld":{"@type":"Person","name":"TG-Gardetanz","description":"","url":"","telephone":"","email":"info&#64;&#103;a&#114;&#100;et&#97;nzgr&#117;p&#112;&#101;.de","sameAs":""},"global_id":"gardetanzgruppe.de?id=858","global_id_lineage":["gardetanzgruppe.de?id=858"]}],"custom_fields":[],"json_ld":{"@context":"http:\/\/schema.org","@type":"Event","name":"Beginn neues Training (Funtastix)","description":"&lt;p&gt;Alter: ab ca. 13 Jahre F\u00fcr neue T\u00e4nzerinnen und T\u00e4nzer bitte nur mit Voranmeldung unter (0172) 911 88 18.&lt;\/p&gt;\\n","image":"https:\/\/gardetanzgruppe.de\/wp-content\/uploads\/2024\/03\/Banner-Icon-Gardetanz-1.jpg","url":"https:\/\/gardetanzgruppe.de\/?tribe_events=beginn-neues-training-funtastix-kids-2","eventAttendanceMode":"https:\/\/schema.org\/OfflineEventAttendanceMode","eventStatus":"https:\/\/schema.org\/EventScheduled","startDate":"2025-04-24T18:00:00+02:00","endDate":"2025-04-24T20:00:00+02:00","location":{"@type":"Place","name":"Mehrzweckhalle Am\u00f6neburg","description":"&lt;p&gt;-\u00fcber den Sportlereingang in der Dyckerhoffstra\u00dfe-&lt;\/p&gt;\\n","url":"","address":{"@type":"PostalAddress","streetAddress":"Dyckerhoffstra\u00dfe 22","addressLocality":"Wiesbaden","postalCode":"65203"},"telephone":"","sameAs":""},"organizer":{"@type":"Person","name":"TG-Gardetanz","description":"","url":"","telephone":"","email":"&#105;&#110;f&#111;&#64;g&#97;r&#100;et&#97;&#110;zgr&#117;&#112;pe&#46;&#100;&#101;","sameAs":""},"performer":"Organization"}}